{"id":1,"date":"2025-04-16T16:08:27","date_gmt":"2025-04-16T14:08:27","guid":{"rendered":"http:\/\/lavoixdeschamps.be\/?p=1"},"modified":"2025-11-25T14:10:30","modified_gmt":"2025-11-25T13:10:30","slug":"bonjour-tout-le-monde","status":"publish","type":"post","link":"https:\/\/lavoixdeschamps.be\/index.php\/2025\/04\/16\/bonjour-tout-le-monde\/","title":{"rendered":"La dangereuse volte-face de Macron sur le Mercosur"},"content":{"rendered":"\n<div class=\"wp-block-group is-nowrap is-layout-flex wp-container-core-group-is-layout-6c531013 wp-block-group-is-layout-flex\">\n<div class=\"wp-block-media-text is-stacked-on-mobile\"><figure class=\"wp-block-media-text__media\"><img loading=\"lazy\" decoding=\"async\" width=\"763\" height=\"799\" src=\"https:\/\/lavoixdeschamps.be\/wp-content\/uploads\/2025\/04\/Macron-\u00a9Conseil-de-lUnion-europeenne.jpg\" alt=\"\" class=\"wp-image-43 size-full\" srcset=\"https:\/\/lavoixdeschamps.be\/wp-content\/uploads\/2025\/04\/Macron-\u00a9Conseil-de-lUnion-europeenne.jpg 763w, https:\/\/lavoixdeschamps.be\/wp-content\/uploads\/2025\/04\/Macron-\u00a9Conseil-de-lUnion-europeenne-286x300.jpg 286w\" sizes=\"auto, (max-width: 763px) 100vw, 763px\" \/><\/figure><div class=\"wp-block-media-text__content\">\n<p>Jusqu\u2019\u00e0 pr\u00e9sent figure de proue europ\u00e9enne de la lutte contre le trait\u00e9 de libre-\u00e9change avec les pays du Mercosur, Emmanuel Macron semble d\u00e9sormais pr\u00eat \u00e0 l\u00e2cher ses agriculteurs pour ratifier le texte. Une volte-face surprenante qui s\u2019explique par la proposition de mesures de sauvegarde renforc\u00e9es, sorte de garde-fous destin\u00e9s \u00e0 prot\u00e9ger le march\u00e9 int\u00e9rieur face aux distorsions en quantit\u00e9 et en prix que pourraient g\u00e9n\u00e9rer les importations. Des pseudo-garanties peu ou pas contraignantes qui ne convainquent que lui&nbsp;!&nbsp;&nbsp;<\/p>\n\n\n\n<p><em>Ronald Pirlot<\/em><\/p>\n<\/div><\/div>\n<\/div>\n\n\n\n<hr class=\"wp-block-separator has-alpha-channel-opacity is-style-wide\"\/>\n\n\n\n\n\n\n\n<hr class=\"wp-block-separator has-alpha-channel-opacity is-style-wide\"\/>\n\n\n\n<p><strong>Pour lire nos articles en entier, abonnez-vous \u00e0 La Voix des Champs :<\/strong><\/p>\n\n\n\n<div class=\"wp-block-buttons is-layout-flex wp-block-buttons-is-layout-flex\">\n<div class=\"wp-block-button\"><a class=\"wp-block-button__link wp-element-button\" href=\"https:\/\/crm.fwa.be\/abonnement-au-journal-societe\">S&rsquo;abonner<\/a><\/div>\n<\/div>\n","protected":false},"excerpt":{"rendered":"<p>Jusqu\u2019\u00e0 pr\u00e9sent figure de proue europ\u00e9enne de la lutte contre le trait\u00e9 de libre-\u00e9change avec les pays du Mercosur, Emmanuel Macron semble d\u00e9sormais pr\u00eat \u00e0 l\u00e2cher ses agriculteurs pour ratifier le texte. Une volte-face surprenante qui s\u2019explique par la proposition de mesures de sauvegarde renforc\u00e9es, sorte de garde-fous destin\u00e9s \u00e0 prot\u00e9ger le march\u00e9 int\u00e9rieur face [&hellip;]<\/p>\n","protected":false},"author":1,"featured_media":43,"comment_status":"open","ping_status":"open","sticky":false,"template":"","format":"standard","meta":{"footnotes":""},"categories":[1],"tags":[],"class_list":["post-1","post","type-post","status-publish","format-standard","has-post-thumbnail","hentry","category-actualites"],"_links":{"self":[{"href":"https:\/\/lavoixdeschamps.be\/index.php\/wp-json\/wp\/v2\/posts\/1","targetHints":{"allow":["GET"]}}],"collection":[{"href":"https:\/\/lavoixdeschamps.be\/index.php\/wp-json\/wp\/v2\/posts"}],"about":[{"href":"https:\/\/lavoixdeschamps.be\/index.php\/wp-json\/wp\/v2\/types\/post"}],"author":[{"embeddable":true,"href":"https:\/\/lavoixdeschamps.be\/index.php\/wp-json\/wp\/v2\/users\/1"}],"replies":[{"embeddable":true,"href":"https:\/\/lavoixdeschamps.be\/index.php\/wp-json\/wp\/v2\/comments?post=1"}],"version-history":[{"count":2,"href":"https:\/\/lavoixdeschamps.be\/index.php\/wp-json\/wp\/v2\/posts\/1\/revisions"}],"predecessor-version":[{"id":209,"href":"https:\/\/lavoixdeschamps.be\/index.php\/wp-json\/wp\/v2\/posts\/1\/revisions\/209"}],"wp:featuredmedia":[{"embeddable":true,"href":"https:\/\/lavoixdeschamps.be\/index.php\/wp-json\/wp\/v2\/media\/43"}],"wp:attachment":[{"href":"https:\/\/lavoixdeschamps.be\/index.php\/wp-json\/wp\/v2\/media?parent=1"}],"wp:term":[{"taxonomy":"category","embeddable":true,"href":"https:\/\/lavoixdeschamps.be\/index.php\/wp-json\/wp\/v2\/categories?post=1"},{"taxonomy":"post_tag","embeddable":true,"href":"https:\/\/lavoixdeschamps.be\/index.php\/wp-json\/wp\/v2\/tags?post=1"}],"curies":[{"name":"wp","href":"https:\/\/api.w.org\/{rel}","templated":true}]}}