{"id":207,"date":"2025-11-25T14:09:28","date_gmt":"2025-11-25T13:09:28","guid":{"rendered":"https:\/\/lavoixdeschamps.be\/?p=207"},"modified":"2025-11-25T14:09:28","modified_gmt":"2025-11-25T13:09:28","slug":"prix-du-lait-comprendre-les-raisons-dune-chute-qui-inquiete-les-producteurs","status":"publish","type":"post","link":"https:\/\/lavoixdeschamps.be\/index.php\/2025\/11\/25\/prix-du-lait-comprendre-les-raisons-dune-chute-qui-inquiete-les-producteurs\/","title":{"rendered":"Prix du lait : comprendre les raisons d&rsquo;une chute qui inqui\u00e8te les producteurs"},"content":{"rendered":"\n<div class=\"wp-block-media-text is-stacked-on-mobile\"><figure  class=\"wp-block-media-text__media\"><img loading=\"lazy\" decoding=\"async\" width=\"827\" height=\"596\" alt=\"\" src=\"https:\/\/lavoixdeschamps.be\/wp-content\/uploads\/2025\/11\/Traite.jpg\" class=\"wp-image-179 size-full\" srcset=\"https:\/\/lavoixdeschamps.be\/wp-content\/uploads\/2025\/11\/Traite.jpg 827w, https:\/\/lavoixdeschamps.be\/wp-content\/uploads\/2025\/11\/Traite-300x216.jpg 300w, https:\/\/lavoixdeschamps.be\/wp-content\/uploads\/2025\/11\/Traite-768x553.jpg 768w\" sizes=\"auto, (max-width: 827px) 100vw, 827px\" \/><\/figure><div class=\"wp-block-media-text__content\">\n<p>Les \u00e9chos dans nos campagnes sont de plus en plus tourn\u00e9s vers le prix du lait. En effet, les laiteries offrent un prix tir\u00e9 vers le bas et les tendances n&rsquo;annoncent pas, pour l&rsquo;heure, un redressement des prix. Essayons de comprendre ensemble d&rsquo;o\u00f9 viennent les raisons de cette baisse. <\/p>\n\n\n\n<p><em>Mathilde Glorieux<\/em><\/p>\n<\/div><\/div>\n\n\n\n\n\n\n\n<hr class=\"wp-block-separator has-alpha-channel-opacity is-style-wide\"\/>\n\n\n\n<p><strong>Pour lire nos articles en entier, abonnez-vous \u00e0 La Voix des Champs :<\/strong><\/p>\n\n\n\n<div class=\"wp-block-buttons is-layout-flex wp-block-buttons-is-layout-flex\">\n<div class=\"wp-block-button\"><a class=\"wp-block-button__link wp-element-button\" href=\"https:\/\/crm.fwa.be\/abonnement-au-journal-societe\">S&rsquo;abonner<\/a><\/div>\n<\/div>\n","protected":false},"excerpt":{"rendered":"<p>Les \u00e9chos dans nos campagnes sont de plus en plus tourn\u00e9s vers le prix du lait. En effet, les laiteries offrent un prix tir\u00e9 vers le bas et les tendances n&rsquo;annoncent pas, pour l&rsquo;heure, un redressement des prix. Essayons de comprendre ensemble d&rsquo;o\u00f9 viennent les raisons de cette baisse. Mathilde Glorieux<\/p>\n","protected":false},"author":2,"featured_media":179,"comment_status":"open","ping_status":"open","sticky":false,"template":"","format":"standard","meta":{"footnotes":""},"categories":[1],"tags":[],"class_list":["post-207","post","type-post","status-publish","format-standard","has-post-thumbnail","hentry","category-actualites"],"_links":{"self":[{"href":"https:\/\/lavoixdeschamps.be\/index.php\/wp-json\/wp\/v2\/posts\/207","targetHints":{"allow":["GET"]}}],"collection":[{"href":"https:\/\/lavoixdeschamps.be\/index.php\/wp-json\/wp\/v2\/posts"}],"about":[{"href":"https:\/\/lavoixdeschamps.be\/index.php\/wp-json\/wp\/v2\/types\/post"}],"author":[{"embeddable":true,"href":"https:\/\/lavoixdeschamps.be\/index.php\/wp-json\/wp\/v2\/users\/2"}],"replies":[{"embeddable":true,"href":"https:\/\/lavoixdeschamps.be\/index.php\/wp-json\/wp\/v2\/comments?post=207"}],"version-history":[{"count":1,"href":"https:\/\/lavoixdeschamps.be\/index.php\/wp-json\/wp\/v2\/posts\/207\/revisions"}],"predecessor-version":[{"id":208,"href":"https:\/\/lavoixdeschamps.be\/index.php\/wp-json\/wp\/v2\/posts\/207\/revisions\/208"}],"wp:featuredmedia":[{"embeddable":true,"href":"https:\/\/lavoixdeschamps.be\/index.php\/wp-json\/wp\/v2\/media\/179"}],"wp:attachment":[{"href":"https:\/\/lavoixdeschamps.be\/index.php\/wp-json\/wp\/v2\/media?parent=207"}],"wp:term":[{"taxonomy":"category","embeddable":true,"href":"https:\/\/lavoixdeschamps.be\/index.php\/wp-json\/wp\/v2\/categories?post=207"},{"taxonomy":"post_tag","embeddable":true,"href":"https:\/\/lavoixdeschamps.be\/index.php\/wp-json\/wp\/v2\/tags?post=207"}],"curies":[{"name":"wp","href":"https:\/\/api.w.org\/{rel}","templated":true}]}}