{"id":225,"date":"2025-11-25T15:44:47","date_gmt":"2025-11-25T14:44:47","guid":{"rendered":"https:\/\/lavoixdeschamps.be\/?p=225"},"modified":"2026-01-27T16:05:09","modified_gmt":"2026-01-27T15:05:09","slug":"plus-que-jamais-la-necessite-detre-solidaire","status":"publish","type":"post","link":"https:\/\/lavoixdeschamps.be\/index.php\/2025\/11\/25\/plus-que-jamais-la-necessite-detre-solidaire\/","title":{"rendered":"Mercosur, PAC, paperasse\u2026\u00a0 ou quand les r\u00e8glements \u00abtuent\u00bb les gens!"},"content":{"rendered":"\n<div class=\"wp-block-media-text is-stacked-on-mobile\"><figure class=\"wp-block-media-text__media\"><img loading=\"lazy\" decoding=\"async\" width=\"1024\" height=\"683\" src=\"https:\/\/lavoixdeschamps.be\/wp-content\/uploads\/2025\/11\/DSC04342-1024x683.jpg\" alt=\"\" class=\"wp-image-268 size-full\" srcset=\"https:\/\/lavoixdeschamps.be\/wp-content\/uploads\/2025\/11\/DSC04342-1024x683.jpg 1024w, https:\/\/lavoixdeschamps.be\/wp-content\/uploads\/2025\/11\/DSC04342-300x200.jpg 300w, https:\/\/lavoixdeschamps.be\/wp-content\/uploads\/2025\/11\/DSC04342-768x512.jpg 768w, https:\/\/lavoixdeschamps.be\/wp-content\/uploads\/2025\/11\/DSC04342-1536x1024.jpg 1536w, https:\/\/lavoixdeschamps.be\/wp-content\/uploads\/2025\/11\/DSC04342.jpg 2047w\" sizes=\"auto, (max-width: 1024px) 100vw, 1024px\" \/><\/figure><div class=\"wp-block-media-text__content\">\n<p>Le 18 d\u00e9cembre dernier, nous \u00e9tions tous \u00e0 Bruxelles pour protester contre le Mercosur, la d\u00e9sillusion de la future PAC et le ras-le-bol de la paperasse \u00e0 n\u2019en plus finir. Ces trois (gros) arbres qui cachent la for\u00eat \u2026 de la vraie probl\u00e9matique: l\u2019\u00e9rosion progressive et continue du revenu agricole, qui le tue \u00e0 petit feu.<\/p>\n\n\n\n<p>Si le revenu \u00e9tait suffisant, les agriculteurs pourraient plus facilement s\u2019accommoder d\u2019accords commerciaux ind\u00e9sirables, de primes PAC en diminution, et se payer des secr\u00e9taires pour remplir des formulaires!<\/p>\n\n\n\n<p>H\u00e9las, il faudrait \u00eatre aveugle pour ne pas voir que la dynamique actuelle se r\u00e9sume plut\u00f4t \u00e0 faire toujours plus pour gagner toujours moins.<\/p>\n<\/div><\/div>\n\n\n\n<p>Depuis le 18 d\u00e9cembre, l\u2019enfumage sur la nouvelle PAC continue, entre les annonces d\u2019am\u00e9liorations budg\u00e9taires qui n\u2019en sont pas et les ouvertures qui ne se concr\u00e9tisent pas.<\/p>\n\n\n\n<p>La FWA et le COPA sont quotidiennement au c\u0153ur des arcanes du pouvoir et travaillent d\u2019arrache-pied pour rendre les propositions de la PAC moins imbuvables, mais \u00e0 ce stade aucun \u00e9l\u00e9ment rassurant ne peut \u00eatre mis en avant. Du flou, avec moins de sous.<\/p>\n\n\n\n<p>La FWA participe de longue date \u00e0 de nombreuses r\u00e9unions de concertation sur la complexit\u00e9 administrative, o\u00f9 il faut r\u00e9concilier concept th\u00e9orique et mise en \u0153uvre pratique. Lors d\u2019une r\u00e9union organis\u00e9e par la FWA pour ses \u00e9lus avec deux sp\u00e9cialistes de ces questions la semaine pass\u00e9e, le constat \u00e9tait \u00e0 nouveau clair: trop de r\u00e8glement \u00abtue\u00bb les gens. La seule mani\u00e8re de simplifier, c\u2019est de moins et mieux r\u00e9glementer!<\/p>\n\n\n\n<p>Les contr\u00f4leurs, eux-m\u00eames ultra-contr\u00f4l\u00e9s, bouclent la boucle tel un serpent qui se mord la queue. Mesdames-messieurs les r\u00e9dacteurs de r\u00e8glements europ\u00e9ens, je crois qu\u2019un petit stage dans le quotidien d\u2019une exploitation agricole vous ferait le plus grand bien. Si vous nous lisez, soyez les bienvenus!<\/p>\n\n\n\n<p>Enfin, je ne peux pas passer sous silence la signature de l\u2019accord du Mercosur par le Conseil UE, marqu\u00e9e notamment par l\u2019abstention de la Belgique. Comme un pied nez au monde agricole, prouvant l\u2019arrogance et l\u2019incapacit\u00e9 de la commission \u00e0 comprendre la profondeur du mal-\u00eatre agricole, pourtant significativement affich\u00e9e. Reste \u00e0 franchir la barre du Parlement europ\u00e9en, sur lequel, avec le COPA, nous allons maintenir la pression jusqu\u2019au bout.<\/p>\n\n\n\n<p>Cet accord contre lequel la FWA se dresse depuis des ann\u00e9es vent debout, va encore amplifier les risques commerciaux pris par les agriculteurs europ\u00e9ens au quotidien. Mais diantre, quand va-t-on arr\u00eater de brader une agriculture locale et de qualit\u00e9 contre des BMW?<\/p>\n\n\n\n<p>La gestion des risques commerciaux sera un des deux th\u00e8mes de d\u00e9bat lors du congr\u00e8s FWA du 29 janvier soir \u00e0 l\u2019espace Senghor \u00e0 Gembloux.<\/p>\n\n\n\n<p>Au moins tout aussi impactant que les risques commerciaux sont les risques sanitaires. FCO, IRB et autres DNC pour les \u00e9leveurs, mauvaises herbes, insectes et champignons pour les cultivateurs. Dans un contexte o\u00f9 les moyens de lutte sont limit\u00e9s et parfois inexistants, quelles solutions innovantes peut-on apporter? Ce sera le deuxi\u00e8me grand th\u00e8me de cette soir\u00e9e \u00e0 laquelle vous \u00eates cordialement convi\u00e9s.<\/p>\n\n\n\n<p>Le 29 janvier, tous \u00e0 Gembloux : inscrivez-vous !<\/p>\n\n\n\n<p><\/p>\n\n\n\n<p class=\"has-text-align-right\">Beno\u00eet Haag, Secr\u00e9taire g\u00e9n\u00e9ral<\/p>\n\n\n\n<figure class=\"wp-block-image size-large\"><img loading=\"lazy\" decoding=\"async\" width=\"1024\" height=\"576\" src=\"https:\/\/lavoixdeschamps.be\/wp-content\/uploads\/2025\/11\/Congres-FWA-2026-Presentation-3-1024x576.png\" alt=\"\" class=\"wp-image-267\" srcset=\"https:\/\/lavoixdeschamps.be\/wp-content\/uploads\/2025\/11\/Congres-FWA-2026-Presentation-3-1024x576.png 1024w, https:\/\/lavoixdeschamps.be\/wp-content\/uploads\/2025\/11\/Congres-FWA-2026-Presentation-3-300x169.png 300w, https:\/\/lavoixdeschamps.be\/wp-content\/uploads\/2025\/11\/Congres-FWA-2026-Presentation-3-768x432.png 768w, https:\/\/lavoixdeschamps.be\/wp-content\/uploads\/2025\/11\/Congres-FWA-2026-Presentation-3-1536x864.png 1536w, https:\/\/lavoixdeschamps.be\/wp-content\/uploads\/2025\/11\/Congres-FWA-2026-Presentation-3.png 2047w\" sizes=\"auto, (max-width: 1024px) 100vw, 1024px\" \/><\/figure>\n","protected":false},"excerpt":{"rendered":"<p>Le 18 d\u00e9cembre dernier, nous \u00e9tions tous \u00e0 Bruxelles pour protester contre le Mercosur, la d\u00e9sillusion de la future PAC et le ras-le-bol de la paperasse \u00e0 n\u2019en plus finir. Ces trois (gros) arbres qui cachent la for\u00eat \u2026 de la vraie probl\u00e9matique: l\u2019\u00e9rosion progressive et continue du revenu agricole, qui le tue \u00e0 petit [&hellip;]<\/p>\n","protected":false},"author":2,"featured_media":223,"comment_status":"open","ping_status":"open","sticky":false,"template":"","format":"standard","meta":{"footnotes":""},"categories":[22],"tags":[],"class_list":["post-225","post","type-post","status-publish","format-standard","has-post-thumbnail","hentry","category-edito"],"_links":{"self":[{"href":"https:\/\/lavoixdeschamps.be\/index.php\/wp-json\/wp\/v2\/posts\/225","targetHints":{"allow":["GET"]}}],"collection":[{"href":"https:\/\/lavoixdeschamps.be\/index.php\/wp-json\/wp\/v2\/posts"}],"about":[{"href":"https:\/\/lavoixdeschamps.be\/index.php\/wp-json\/wp\/v2\/types\/post"}],"author":[{"embeddable":true,"href":"https:\/\/lavoixdeschamps.be\/index.php\/wp-json\/wp\/v2\/users\/2"}],"replies":[{"embeddable":true,"href":"https:\/\/lavoixdeschamps.be\/index.php\/wp-json\/wp\/v2\/comments?post=225"}],"version-history":[{"count":4,"href":"https:\/\/lavoixdeschamps.be\/index.php\/wp-json\/wp\/v2\/posts\/225\/revisions"}],"predecessor-version":[{"id":270,"href":"https:\/\/lavoixdeschamps.be\/index.php\/wp-json\/wp\/v2\/posts\/225\/revisions\/270"}],"wp:featuredmedia":[{"embeddable":true,"href":"https:\/\/lavoixdeschamps.be\/index.php\/wp-json\/wp\/v2\/media\/223"}],"wp:attachment":[{"href":"https:\/\/lavoixdeschamps.be\/index.php\/wp-json\/wp\/v2\/media?parent=225"}],"wp:term":[{"taxonomy":"category","embeddable":true,"href":"https:\/\/lavoixdeschamps.be\/index.php\/wp-json\/wp\/v2\/categories?post=225"},{"taxonomy":"post_tag","embeddable":true,"href":"https:\/\/lavoixdeschamps.be\/index.php\/wp-json\/wp\/v2\/tags?post=225"}],"curies":[{"name":"wp","href":"https:\/\/api.w.org\/{rel}","templated":true}]}}