{"id":47,"date":"2025-11-18T15:02:14","date_gmt":"2025-11-18T14:02:14","guid":{"rendered":"https:\/\/lavoixdeschamps.be\/?p=47"},"modified":"2025-11-25T14:11:13","modified_gmt":"2025-11-25T13:11:13","slug":"report-du-reglement-deforestation-une-nouvelle-tradition-de-noel","status":"publish","type":"post","link":"https:\/\/lavoixdeschamps.be\/index.php\/2025\/11\/18\/report-du-reglement-deforestation-une-nouvelle-tradition-de-noel\/","title":{"rendered":"Report du r\u00e8glement d\u00e9forestation : une nouvelle tradition de No\u00ebl ?"},"content":{"rendered":"\n<div class=\"wp-block-media-text is-stacked-on-mobile\"><figure  class=\"wp-block-media-text__media\"><img loading=\"lazy\" decoding=\"async\" width=\"2560\" height=\"1446\" alt=\"\" src=\"https:\/\/lavoixdeschamps.be\/wp-content\/uploads\/2025\/11\/Deforestation-scaled.jpg\" class=\"wp-image-48 size-full\" srcset=\"https:\/\/lavoixdeschamps.be\/wp-content\/uploads\/2025\/11\/Deforestation-scaled.jpg 2560w, https:\/\/lavoixdeschamps.be\/wp-content\/uploads\/2025\/11\/Deforestation-300x169.jpg 300w, https:\/\/lavoixdeschamps.be\/wp-content\/uploads\/2025\/11\/Deforestation-1024x578.jpg 1024w, https:\/\/lavoixdeschamps.be\/wp-content\/uploads\/2025\/11\/Deforestation-768x434.jpg 768w, https:\/\/lavoixdeschamps.be\/wp-content\/uploads\/2025\/11\/Deforestation-1536x867.jpg 1536w, https:\/\/lavoixdeschamps.be\/wp-content\/uploads\/2025\/11\/Deforestation-2048x1157.jpg 2048w\" sizes=\"auto, (max-width: 2560px) 100vw, 2560px\" \/><\/figure><div class=\"wp-block-media-text__content\">\n<p>Dans le vent de simplification qui souffle sur Bruxelles, et au vu des d\u00e9faillances manifestes pour la mise en application de cette r\u00e9glementation, la Commission europ\u00e9enne a propos\u00e9 de revenir sur le r\u00e8glement \u00abd\u00e9forestation\u00bb. Cette proposition vise \u00e0 la fois un report pour les petites entreprises, mais aussi quelques modifications jug\u00e9es insuffisantes par le Conseil de l\u2019Union europ\u00e9enne.<\/p>\n\n\n\n<p><em>S\u00e9gol\u00e8ne Plomteux<\/em><\/p>\n<\/div><\/div>\n\n\n\n<hr class=\"wp-block-separator has-alpha-channel-opacity is-style-wide\"\/>\n\n\n\n\n\n\n\n<hr class=\"wp-block-separator has-alpha-channel-opacity is-style-wide\"\/>\n\n\n\n<p><strong>Pour lire nos articles en entier, abonnez-vous \u00e0 La Voix des Champs :<\/strong><\/p>\n\n\n\n<div class=\"wp-block-buttons is-layout-flex wp-block-buttons-is-layout-flex\">\n<div class=\"wp-block-button\"><a class=\"wp-block-button__link wp-element-button\" href=\"https:\/\/crm.fwa.be\/abonnement-au-journal-societe\">S&rsquo;abonner<\/a><\/div>\n<\/div>\n","protected":false},"excerpt":{"rendered":"<p>Dans le vent de simplification qui souffle sur Bruxelles, et au vu des d\u00e9faillances manifestes pour la mise en application de cette r\u00e9glementation, la Commission europ\u00e9enne a propos\u00e9 de revenir sur le r\u00e8glement \u00abd\u00e9forestation\u00bb. Cette proposition vise \u00e0 la fois un report pour les petites entreprises, mais aussi quelques modifications jug\u00e9es insuffisantes par le Conseil [&hellip;]<\/p>\n","protected":false},"author":2,"featured_media":48,"comment_status":"open","ping_status":"open","sticky":false,"template":"","format":"standard","meta":{"footnotes":""},"categories":[1],"tags":[6],"class_list":["post-47","post","type-post","status-publish","format-standard","has-post-thumbnail","hentry","category-actualites","tag-actualites"],"_links":{"self":[{"href":"https:\/\/lavoixdeschamps.be\/index.php\/wp-json\/wp\/v2\/posts\/47","targetHints":{"allow":["GET"]}}],"collection":[{"href":"https:\/\/lavoixdeschamps.be\/index.php\/wp-json\/wp\/v2\/posts"}],"about":[{"href":"https:\/\/lavoixdeschamps.be\/index.php\/wp-json\/wp\/v2\/types\/post"}],"author":[{"embeddable":true,"href":"https:\/\/lavoixdeschamps.be\/index.php\/wp-json\/wp\/v2\/users\/2"}],"replies":[{"embeddable":true,"href":"https:\/\/lavoixdeschamps.be\/index.php\/wp-json\/wp\/v2\/comments?post=47"}],"version-history":[{"count":6,"href":"https:\/\/lavoixdeschamps.be\/index.php\/wp-json\/wp\/v2\/posts\/47\/revisions"}],"predecessor-version":[{"id":210,"href":"https:\/\/lavoixdeschamps.be\/index.php\/wp-json\/wp\/v2\/posts\/47\/revisions\/210"}],"wp:featuredmedia":[{"embeddable":true,"href":"https:\/\/lavoixdeschamps.be\/index.php\/wp-json\/wp\/v2\/media\/48"}],"wp:attachment":[{"href":"https:\/\/lavoixdeschamps.be\/index.php\/wp-json\/wp\/v2\/media?parent=47"}],"wp:term":[{"taxonomy":"category","embeddable":true,"href":"https:\/\/lavoixdeschamps.be\/index.php\/wp-json\/wp\/v2\/categories?post=47"},{"taxonomy":"post_tag","embeddable":true,"href":"https:\/\/lavoixdeschamps.be\/index.php\/wp-json\/wp\/v2\/tags?post=47"}],"curies":[{"name":"wp","href":"https:\/\/api.w.org\/{rel}","templated":true}]}}